{"id":9999,"date":"2022-05-23T11:40:18","date_gmt":"2022-05-23T11:40:18","guid":{"rendered":"https:\/\/www.kifife-operndorf.com\/2022\/05\/23\/kifife-2022-is-over\/"},"modified":"2022-05-23T11:40:18","modified_gmt":"2022-05-23T11:40:18","slug":"kifife-2022-is-over","status":"publish","type":"post","link":"https:\/\/www.kifife-operndorf.com\/de\/2022\/05\/23\/kifife-2022-is-over\/","title":{"rendered":"KIFIFE 2022 is over!"},"content":{"rendered":"<div class=\"wpb-content-wrapper\"><p>[vc_row][vc_column][vc_column_text]KIFIFE 2022 is over! With inspiring presentations of the workshop participants in animation, screenwriting and acting, we have concluded the third edition of KIFIFE, the children&#8217;s film festival at the Opera Village Africa \/ Village Op\u00e9ra! The last screening of the festival took place under the starry sky of Ziniar\u00e9. The atmosphere was magical and the film &#8222;WENDEMI, L&#8217;ENFANT DU BON DIEU&#8220; by Saint-Pierre Yam\u00e9ogo was the perfect ending to a wonderful festival.<\/p>\n<p>We would like to thank all the participants, the workshop leaders Doh Daiga, Sidiki Yougbar\u00e9, \u00c9l\u00e9onore Kocty as well as the mobile cinema team of CNA!<\/p>\n<p>See you next year![\/vc_column_text][vc_empty_space height=&#8220;64px&#8220;][\/vc_column][\/vc_row][vc_row][vc_column][vc_masonry_media_grid style=&#8220;lazy&#8220; items_per_page=&#8220;9&#8243; grid_id=&#8220;vc_gid:1653306023404-b9a810ea-a9e1-1&#8243; include=&#8220;9982,9979,9976,9973,9970,9967,9964,9961,9958,9955,9952,9949,9946,9943,9940,9937,9934,9931,9928,9925,9922,9919,9916,9913,9910,9907,9904,9901,9898,9895,9892,9889,9886,9883,9880,9877,9874,9871,9868,9865,9862,9859,9856,9853,9850,9847,9844,9841,9838,9835,9832,9829,9826,9823,9820,9817,9814,9811,9808,9805,9802,9799,9796,9793,9790,9787,9784,9781,9778&#8243;][\/vc_column][\/vc_row]<\/p>\n<\/div>","protected":false},"excerpt":{"rendered":"<p>With inspiring presentations of the workshop participants in animation, screenwriting and acting, we have concluded the third edition of KIFIFE, the children&#8217;s film festival at the Opera Village Africa \/ Village Op\u00e9ra! See you next year!<\/p>\n","protected":false},"author":4,"featured_media":9975,"comment_status":"closed","ping_status":"closed","sticky":false,"template":"","format":"standard","meta":{"footnotes":""},"categories":[125,159],"tags":[],"class_list":["post-9999","post","type-post","status-publish","format-standard","has-post-thumbnail","hentry","category-aktuelles","category-photoblog-de"],"_links":{"self":[{"href":"https:\/\/www.kifife-operndorf.com\/de\/wp-json\/wp\/v2\/posts\/9999","targetHints":{"allow":["GET"]}}],"collection":[{"href":"https:\/\/www.kifife-operndorf.com\/de\/wp-json\/wp\/v2\/posts"}],"about":[{"href":"https:\/\/www.kifife-operndorf.com\/de\/wp-json\/wp\/v2\/types\/post"}],"author":[{"embeddable":true,"href":"https:\/\/www.kifife-operndorf.com\/de\/wp-json\/wp\/v2\/users\/4"}],"replies":[{"embeddable":true,"href":"https:\/\/www.kifife-operndorf.com\/de\/wp-json\/wp\/v2\/comments?post=9999"}],"version-history":[{"count":0,"href":"https:\/\/www.kifife-operndorf.com\/de\/wp-json\/wp\/v2\/posts\/9999\/revisions"}],"wp:featuredmedia":[{"embeddable":true,"href":"https:\/\/www.kifife-operndorf.com\/de\/wp-json\/wp\/v2\/media\/9975"}],"wp:attachment":[{"href":"https:\/\/www.kifife-operndorf.com\/de\/wp-json\/wp\/v2\/media?parent=9999"}],"wp:term":[{"taxonomy":"category","embeddable":true,"href":"https:\/\/www.kifife-operndorf.com\/de\/wp-json\/wp\/v2\/categories?post=9999"},{"taxonomy":"post_tag","embeddable":true,"href":"https:\/\/www.kifife-operndorf.com\/de\/wp-json\/wp\/v2\/tags?post=9999"}],"curies":[{"name":"wp","href":"https:\/\/api.w.org\/{rel}","templated":true}]}}